{"id":15947,"date":"2025-02-15T18:01:00","date_gmt":"2025-02-15T17:01:00","guid":{"rendered":"https:\/\/kaffeecenter.ch\/?p=15947"},"modified":"2025-02-26T18:57:44","modified_gmt":"2025-02-26T17:57:44","slug":"das-kaffeecenter-auf-der-wiga-messe-2025-mit-exklusivem-wettbewerb","status":"publish","type":"post","link":"https:\/\/kaffeecenter.ch\/it\/das-kaffeecenter-auf-der-wiga-messe-2025-mit-exklusivem-wettbewerb\/","title":{"rendered":"Il centro del caff\u00e8 alla fiera WIGA 2025 - con un concorso esclusivo"},"content":{"rendered":"<blockquote><p>La WIGA Messe 2025 \u00e8 il momento clou a livello regionale per aziende, commercianti e amanti del caff\u00e8 - e noi ci saremo! Dal 5 al 7 e dal 10 al 13 settembre 2025, vi invitiamo a visitare il Buchs Coffee Centre presso il nostro stand e a lasciarvi ispirare dal piacere del caff\u00e8 di prima qualit\u00e0.<\/p>\n<p>Ma quest'anno c'\u00e8 ancora di pi\u00f9 da scoprire: vi aspetta un concorso esclusivo con premi interessanti.<\/p><\/blockquote>\n<p><strong>Sperimentate il piacere del caff\u00e8 dal vivo alla WIGA<\/strong><br \/>\nLa WIGA \u00e8 pi\u00f9 di una semplice fiera: \u00e8 un luogo di scambio, ispirazione e divertimento. Oltre 200 espositori di 70 settori si presentano e offrono ai visitatori un'esperienza diversificata.<\/p>\n<p>Il Centro del Caff\u00e8 coglie l'occasione per presentarvi la nostra gamma di prodotti, i nostri servizi e la nostra passione per il caff\u00e8.<\/p>\n<p><strong>Potete aspettarvi:<\/strong><\/p>\n<ul>\n<li>Degustazioni dal vivo delle nostre squisite miscele di caff\u00e8<\/li>\n<li>Dimostrazioni di macchine da caff\u00e8: provate diversi modelli e trovate la macchina Jura perfetta<\/li>\n<li>Consulenza personalizzata sul noleggio di macchine da caff\u00e8: godetevi un caff\u00e8 di alta qualit\u00e0 senza i costi di acquisto<\/li>\n<li>Consigli per la cura e la pulizia: imparate come mantenere la vostra macchina da caff\u00e8 in modo ottimale<\/li>\n<\/ul>\n<p><strong>Concorso: vincere un caff\u00e8 di alta qualit\u00e0<\/strong><br \/>\nTutti i visitatori del nostro stand avranno l'opportunit\u00e0 di partecipare a un concorso esclusivo. Con un po' di fortuna, potreste vincere uno dei nostri premi di alta qualit\u00e0.<\/p>\n<p><strong>Potete vincere:<\/strong><\/p>\n<ul>\n<li>Una macchina da caff\u00e8 Jura per la casa o l'ufficio<\/li>\n<li>Un esclusivo pacchetto di degustazione di caff\u00e8 con specialit\u00e0 selezionate<\/li>\n<li>Buoni per accessori e specialit\u00e0 di caff\u00e8 della nostra gamma<\/li>\n<\/ul>\n<p>Partecipare \u00e8 facile: visitate il nostro stand, partecipate al concorso e con un po' di fortuna potreste essere uno dei vincitori.<\/p>\n<p><strong>Testate le macchine da caff\u00e8 e trovate la soluzione perfetta per la vostra azienda<\/strong><br \/>\nState pensando di noleggiare una macchina da caff\u00e8 per il vostro ufficio, azienda o studio? Presso il nostro stand potrete scoprire tutto sul nostro concetto di noleggio senza pensieri, con il quale potrete gustare sempre il miglior caff\u00e8 senza costi iniziali.<\/p>\n<p>I nostri esperti vi consiglieranno individualmente e vi mostreranno quale macchina \u00e8 perfetta per le vostre esigenze.<\/p>\n<p><strong>Offerte esclusive per i visitatori della WIGA<\/strong><br \/>\nApprofittate di questa opportunit\u00e0 e assicuratevi sconti esclusivi per la fiera, validi solo durante la WIGA.<\/p>\n<p><strong>Venite a trovarci alla WIGA 2025<\/strong><\/p>\n<ul>\n<li>Data: 5-7 e 10-13 settembre 2025<\/li>\n<li>Sede: Centro espositivo WIGA di Buchs<\/li>\n<li>Numero dello stand: da annunciare<\/li>\n<\/ul>\n<p>Saremo lieti di accogliervi al nostro stand e di presentarvi le ultime novit\u00e0 in fatto di caff\u00e8. Partecipate al nostro concorso e provate il piacere di un caff\u00e8 di prima qualit\u00e0.<\/p>","protected":false},"excerpt":{"rendered":"<p>Die WIGA Messe 2025 ist das regionale Highlight f\u00fcr Unternehmen, Gewerbetreibende und Kaffeeliebhaber \u2013 und wir sind dabei! Vom 5. bis 7. sowie 10. bis 13. September 2025&#8230;<\/p>","protected":false},"author":1,"featured_media":15953,"comment_status":"open","ping_status":"open","sticky":false,"template":"","format":"standard","meta":{"inline_featured_image":false,"footnotes":""},"categories":[66],"tags":[],"class_list":["post-15947","post","type-post","status-publish","format-standard","has-post-thumbnail","hentry","category-allgemein"],"aioseo_notices":[],"_links":{"self":[{"href":"https:\/\/kaffeecenter.ch\/it\/wp-json\/wp\/v2\/posts\/15947","targetHints":{"allow":["GET"]}}],"collection":[{"href":"https:\/\/kaffeecenter.ch\/it\/wp-json\/wp\/v2\/posts"}],"about":[{"href":"https:\/\/kaffeecenter.ch\/it\/wp-json\/wp\/v2\/types\/post"}],"author":[{"embeddable":true,"href":"https:\/\/kaffeecenter.ch\/it\/wp-json\/wp\/v2\/users\/1"}],"replies":[{"embeddable":true,"href":"https:\/\/kaffeecenter.ch\/it\/wp-json\/wp\/v2\/comments?post=15947"}],"version-history":[{"count":0,"href":"https:\/\/kaffeecenter.ch\/it\/wp-json\/wp\/v2\/posts\/15947\/revisions"}],"wp:featuredmedia":[{"embeddable":true,"href":"https:\/\/kaffeecenter.ch\/it\/wp-json\/wp\/v2\/media\/15953"}],"wp:attachment":[{"href":"https:\/\/kaffeecenter.ch\/it\/wp-json\/wp\/v2\/media?parent=15947"}],"wp:term":[{"taxonomy":"category","embeddable":true,"href":"https:\/\/kaffeecenter.ch\/it\/wp-json\/wp\/v2\/categories?post=15947"},{"taxonomy":"post_tag","embeddable":true,"href":"https:\/\/kaffeecenter.ch\/it\/wp-json\/wp\/v2\/tags?post=15947"}],"curies":[{"name":"wp","href":"https:\/\/api.w.org\/{rel}","templated":true}]}}