{"id":16111,"date":"2025-08-12T09:18:48","date_gmt":"2025-08-12T07:18:48","guid":{"rendered":"https:\/\/kaffeecenter.ch\/?p=16111"},"modified":"2025-08-12T09:31:29","modified_gmt":"2025-08-12T07:31:29","slug":"so-lagern-sie-kaffeebohnen-richtig-fuer-frischen-geschmack-bis-zur-letzten-tasse","status":"publish","type":"post","link":"https:\/\/kaffeecenter.ch\/fr\/so-lagern-sie-kaffeebohnen-richtig-fuer-frischen-geschmack-bis-zur-letzten-tasse\/","title":{"rendered":"Comment stocker correctement les grains de caf\u00e9 - pour un go\u00fbt frais jusqu'\u00e0 la derni\u00e8re tasse"},"content":{"rendered":"<p data-start=\"370\" data-end=\"775\">Les amateurs de bon caf\u00e9 le savent : c'est le grain qui fait la diff\u00e9rence. Mais m\u00eame le meilleur grain perd son ar\u00f4me s'il est mal conserv\u00e9. L'oxyg\u00e8ne, la lumi\u00e8re, la chaleur et l'humidit\u00e9 sont les pires ennemis du plaisir du caf\u00e9. La bonne nouvelle, c'est qu'en suivant quelques conseils simples, le caf\u00e9 conserve toute sa saveur beaucoup plus longtemps - et chaque tasse a le m\u00eame go\u00fbt que si le paquet venait d'\u00eatre ouvert.<\/p>\n<p data-start=\"777\" data-end=\"1154\"><strong data-start=\"777\" data-end=\"819\">Pr\u00e9server la fra\u00eecheur - \u00e9tape par \u00e9tape<\/strong><br data-start=\"819\" data-end=\"822\" \/>Les grains de caf\u00e9 sont un produit naturel. Leurs pr\u00e9cieuses huiles et leurs ar\u00f4mes commencent \u00e0 se d\u00e9grader imm\u00e9diatement apr\u00e8s la torr\u00e9faction. C'est pourquoi un stockage correct est d\u00e9cisif. \u00c0 l'abri de l'air, dans l'obscurit\u00e9 et au frais - telle est la devise. \u00c9vitez de laisser les grains dans des bocaux transparents au soleil ou de les conserver pr\u00e8s de la cuisini\u00e8re.<\/p>\n<p data-start=\"1156\" data-end=\"1192\"><strong data-start=\"1156\" data-end=\"1190\">Vos avantages en un coup d'\u0153il :<\/strong><\/p>\n<ul>\n<li data-start=\"1196\" data-end=\"1235\">Pr\u00e9servation plus longue de l'ar\u00f4me et de la fra\u00eecheur<\/li>\n<li data-start=\"1238\" data-end=\"1275\">Pr\u00e9vention des d\u00e9g\u00e2ts dus \u00e0 l'humidit\u00e9<\/li>\n<li data-start=\"1278\" data-end=\"1313\">Protection contre les variations de temp\u00e9rature<\/li>\n<li data-start=\"1316\" data-end=\"1357\">Moins d'oxydation et de perte de go\u00fbt<\/li>\n<li data-start=\"1360\" data-end=\"1419\">Base optimale pour un espresso ou un caf\u00e9 cr\u00e8me parfait<\/li>\n<\/ul>\n<p data-start=\"1421\" data-end=\"1474\"><strong data-start=\"1421\" data-end=\"1472\">C'est aussi simple que \u00e7a - nos recommandations pour vous<\/strong><\/p>\n<p data-start=\"1479\" data-end=\"1633\"><strong data-start=\"1479\" data-end=\"1508\">1. utiliser l'emballage d'origine<\/strong><br data-start=\"1508\" data-end=\"1511\" \/>Conservez les grains dans l'emballage refermable d'origine, si celui-ci dispose d'une valve aromatique.<\/p>\n<p data-start=\"1638\" data-end=\"1825\"><strong data-start=\"1638\" data-end=\"1671\">2. utiliser des r\u00e9cipients \u00e9tanches \u00e0 l'air<\/strong><br data-start=\"1671\" data-end=\"1674\" \/>Si vous ouvrez l'emballage, transf\u00e9rez les grains dans un r\u00e9cipient herm\u00e9tique - id\u00e9alement en c\u00e9ramique ou en acier inoxydable, pas en plastique.<\/p>\n<p data-start=\"1830\" data-end=\"2007\"><strong data-start=\"1830\" data-end=\"1865\">3. au frais, mais pas au r\u00e9frig\u00e9rateur<\/strong><br data-start=\"1865\" data-end=\"1868\" \/>Conservez vos haricots dans un endroit frais et sec. Le r\u00e9frig\u00e9rateur ne convient pas, car de la condensation peut se former lorsque vous les sortez.<\/p>\n<p data-start=\"2012\" data-end=\"2174\"><strong data-start=\"2012\" data-end=\"2046\">4. \u00e9viter la lumi\u00e8re directe du soleil<\/strong><br data-start=\"2046\" data-end=\"2049\" \/>Ne placez jamais vos grains de caf\u00e9 pr\u00e8s d'une fen\u00eatre ou sur des \u00e9tag\u00e8res fortement expos\u00e9es \u00e0 la lumi\u00e8re - la lumi\u00e8re acc\u00e9l\u00e8re la perte d'ar\u00f4me.<\/p>\n<p data-start=\"2179\" data-end=\"2347\"><strong data-start=\"2179\" data-end=\"2207\">5 Ne moudre que de petites quantit\u00e9s<\/strong><br data-start=\"2207\" data-end=\"2210\" \/>Ne moulez que la quantit\u00e9 que vous souhaitez pr\u00e9parer directement. Le caf\u00e9 moulu perd beaucoup plus rapidement son ar\u00f4me que les grains entiers.<\/p>\n<p data-start=\"2349\" data-end=\"2802\"><strong data-start=\"2349\" data-end=\"2390\"><img decoding=\"async\" class=\"alignnone size-full wp-image-16115\" src=\"https:\/\/kaffeecenter.ch\/wp-content\/uploads\/2025\/08\/Z10_Alu_dark_inox_EA_15368_hero.webp\" alt=\"\" width=\"2560\" height=\"1097\" srcset=\"https:\/\/kaffeecenter.ch\/wp-content\/uploads\/2025\/08\/Z10_Alu_dark_inox_EA_15368_hero.webp 2560w, https:\/\/kaffeecenter.ch\/wp-content\/uploads\/2025\/08\/Z10_Alu_dark_inox_EA_15368_hero-300x129.webp 300w, https:\/\/kaffeecenter.ch\/wp-content\/uploads\/2025\/08\/Z10_Alu_dark_inox_EA_15368_hero-1024x439.webp 1024w, https:\/\/kaffeecenter.ch\/wp-content\/uploads\/2025\/08\/Z10_Alu_dark_inox_EA_15368_hero-768x329.webp 768w, https:\/\/kaffeecenter.ch\/wp-content\/uploads\/2025\/08\/Z10_Alu_dark_inox_EA_15368_hero-1536x658.webp 1536w, https:\/\/kaffeecenter.ch\/wp-content\/uploads\/2025\/08\/Z10_Alu_dark_inox_EA_15368_hero-18x8.webp 18w, https:\/\/kaffeecenter.ch\/wp-content\/uploads\/2025\/08\/Z10_Alu_dark_inox_EA_15368_hero-600x257.webp 600w\" sizes=\"(max-width: 2560px) 100vw, 2560px\" \/>D\u00e9couvrir la technique - appr\u00e9cier le go\u00fbt<\/strong><br data-start=\"2390\" data-end=\"2393\" \/>Un bon stockage est la base, mais le plein ar\u00f4me ne se d\u00e9veloppe que lors de la pr\u00e9paration. Avec une machine \u00e0 caf\u00e9 JURA de qualit\u00e9 sup\u00e9rieure, des grains fra\u00eechement moulus et une temp\u00e9rature d'infusion r\u00e9gl\u00e9e de mani\u00e8re optimale, vous d\u00e9couvrirez le plaisir du caf\u00e9 au plus haut niveau. Notre \u00e9quipe du centre de caf\u00e9 vous conseillera volontiers sur les machines, moulins et accessoires adapt\u00e9s - et vous montrera comment tirer le meilleur parti de vos grains.<\/p>\n<p data-start=\"2804\" data-end=\"3078\"><strong data-start=\"2804\" data-end=\"2824\">Conclusion<\/strong><br data-start=\"2824\" data-end=\"2827\" \/>Des grains de caf\u00e9 frais sont la cl\u00e9 d'un go\u00fbt parfait. En les stockant correctement, vous prolongez non seulement leur dur\u00e9e de conservation, mais vous conservez \u00e9galement tout leur ar\u00f4me jusqu'\u00e0 la derni\u00e8re tasse. Essayez-le - votre caf\u00e9 vous en remerciera.<\/p>","protected":false},"excerpt":{"rendered":"<p>Wer guten Kaffee liebt, weiss: Die Bohne macht den Unterschied. Doch selbst die beste Bohne verliert ihr Aroma, wenn sie falsch gelagert wird. Sauerstoff, Licht, W\u00e4rme und Feuchtigkeit&#8230;<\/p>","protected":false},"author":1,"featured_media":16113,"comment_status":"open","ping_status":"open","sticky":false,"template":"","format":"standard","meta":{"inline_featured_image":false,"footnotes":""},"categories":[66],"tags":[],"class_list":["post-16111","post","type-post","status-publish","format-standard","has-post-thumbnail","hentry","category-allgemein"],"aioseo_notices":[],"_links":{"self":[{"href":"https:\/\/kaffeecenter.ch\/fr\/wp-json\/wp\/v2\/posts\/16111","targetHints":{"allow":["GET"]}}],"collection":[{"href":"https:\/\/kaffeecenter.ch\/fr\/wp-json\/wp\/v2\/posts"}],"about":[{"href":"https:\/\/kaffeecenter.ch\/fr\/wp-json\/wp\/v2\/types\/post"}],"author":[{"embeddable":true,"href":"https:\/\/kaffeecenter.ch\/fr\/wp-json\/wp\/v2\/users\/1"}],"replies":[{"embeddable":true,"href":"https:\/\/kaffeecenter.ch\/fr\/wp-json\/wp\/v2\/comments?post=16111"}],"version-history":[{"count":0,"href":"https:\/\/kaffeecenter.ch\/fr\/wp-json\/wp\/v2\/posts\/16111\/revisions"}],"wp:featuredmedia":[{"embeddable":true,"href":"https:\/\/kaffeecenter.ch\/fr\/wp-json\/wp\/v2\/media\/16113"}],"wp:attachment":[{"href":"https:\/\/kaffeecenter.ch\/fr\/wp-json\/wp\/v2\/media?parent=16111"}],"wp:term":[{"taxonomy":"category","embeddable":true,"href":"https:\/\/kaffeecenter.ch\/fr\/wp-json\/wp\/v2\/categories?post=16111"},{"taxonomy":"post_tag","embeddable":true,"href":"https:\/\/kaffeecenter.ch\/fr\/wp-json\/wp\/v2\/tags?post=16111"}],"curies":[{"name":"wp","href":"https:\/\/api.w.org\/{rel}","templated":true}]}}