{"id":15947,"date":"2025-02-15T18:01:00","date_gmt":"2025-02-15T17:01:00","guid":{"rendered":"https:\/\/kaffeecenter.ch\/?p=15947"},"modified":"2025-02-26T18:57:44","modified_gmt":"2025-02-26T17:57:44","slug":"das-kaffeecenter-auf-der-wiga-messe-2025-mit-exklusivem-wettbewerb","status":"publish","type":"post","link":"https:\/\/kaffeecenter.ch\/fr\/das-kaffeecenter-auf-der-wiga-messe-2025-mit-exklusivem-wettbewerb\/","title":{"rendered":"Le centre de caf\u00e9 au salon WIGA 2025 - avec un concours exclusif"},"content":{"rendered":"<blockquote><p>Le salon WIGA 2025 est l'\u00e9v\u00e9nement r\u00e9gional phare pour les entreprises, les commer\u00e7ants et les amateurs de caf\u00e9 - et nous y participons ! Du 5 au 7 et du 10 au 13 septembre 2025, nous vous invitons \u00e0 venir visiter le Kaffeecenter Buchs sur notre stand et \u00e0 vous laisser inspirer par le plaisir d'un caf\u00e9 de premi\u00e8re qualit\u00e9.<\/p>\n<p>Mais cette ann\u00e9e, il y a encore plus \u00e0 d\u00e9couvrir : un concours exclusif avec des prix attrayants vous attend.<\/p><\/blockquote>\n<p><strong>D\u00e9couvrez le plaisir du caf\u00e9 en direct \u00e0 la WIGA<\/strong><br \/>\nLa WIGA est plus qu'un simple salon - c'est un lieu d'\u00e9change, d'inspiration et de plaisir. Plus de 200 exposants issus de 70 branches se pr\u00e9sentent et offrent aux visiteurs une exp\u00e9rience vari\u00e9e.<\/p>\n<p>Le centre de caf\u00e9 profite de l'occasion pour vous faire d\u00e9couvrir notre assortiment, nos services et notre passion pour le caf\u00e9.<\/p>\n<p><strong>R\u00e9jouissez-vous :<\/strong><\/p>\n<ul>\n<li>D\u00e9gustations en direct de nos m\u00e9langes de caf\u00e9 s\u00e9lectionn\u00e9s<\/li>\n<li>D\u00e9monstrations de machines \u00e0 caf\u00e9 - testez diff\u00e9rents mod\u00e8les et trouvez la machine Jura parfaite<\/li>\n<li>Conseil individuel pour la location de machines \u00e0 caf\u00e9 - profitez d'un caf\u00e9 de qualit\u00e9 sans frais d'acquisition<\/li>\n<li>Conseils d'entretien et de nettoyage - apprenez \u00e0 entretenir votre machine \u00e0 caf\u00e9 de mani\u00e8re optimale<\/li>\n<\/ul>\n<p><strong>Concours : gagnez du caf\u00e9 de qualit\u00e9 sup\u00e9rieure<\/strong><br \/>\nTous les visiteurs de notre stand ont la possibilit\u00e9 de participer \u00e0 un concours exclusif. Avec un peu de chance, vous pourrez gagner l'un de nos prix de qualit\u00e9.<\/p>\n<p><strong>A gagner<\/strong><\/p>\n<ul>\n<li>Une machine \u00e0 caf\u00e9 Jura pour la maison ou le bureau<\/li>\n<li>Un paquet de plaisirs exclusifs au caf\u00e9 avec des sp\u00e9cialit\u00e9s s\u00e9lectionn\u00e9es<\/li>\n<li>Bons de valeur pour des accessoires et des sp\u00e9cialit\u00e9s de caf\u00e9 de notre assortiment<\/li>\n<\/ul>\n<p>Pour participer, rien de plus simple : visitez notre stand, participez au concours et, avec un peu de chance, vous ferez partie des gagnants.<\/p>\n<p><strong>Tester les machines \u00e0 caf\u00e9 et trouver la solution parfaite pour votre entreprise<\/strong><br \/>\nVous envisagez de louer une machine \u00e0 caf\u00e9 pour votre bureau, votre magasin ou votre cabinet ? Sur notre stand, vous d\u00e9couvrirez tout ce qu'il faut savoir sur notre concept de location sans souci, qui vous permet de toujours profiter du meilleur caf\u00e9 sans frais d'acquisition.<\/p>\n<p>Nos experts vous conseillent individuellement et vous indiquent quelle machine correspond parfaitement \u00e0 vos exigences.<\/p>\n<p><strong>Offres exclusives du salon r\u00e9serv\u00e9es aux visiteurs de WIGA<\/strong><br \/>\nProfitez de l'occasion pour vous assurer des r\u00e9ductions exclusives sur les salons, valables uniquement pendant la WIGA.<\/p>\n<p><strong>Venez nous rendre visite au salon WIGA 2025<\/strong><\/p>\n<ul>\n<li>Dates : 5-7 &amp; 10-13 septembre 2025<\/li>\n<li>Lieu : WIGA Messe Buchs<\/li>\n<li>Num\u00e9ro de stand : sera annonc\u00e9 ult\u00e9rieurement<\/li>\n<\/ul>\n<p>Nous nous r\u00e9jouissons de vous accueillir sur notre stand et de vous pr\u00e9senter les derni\u00e8res innovations en mati\u00e8re de caf\u00e9. Participez \u00e0 notre concours et d\u00e9couvrez le plaisir d'un caf\u00e9 de premi\u00e8re classe.<\/p>","protected":false},"excerpt":{"rendered":"<p>Die WIGA Messe 2025 ist das regionale Highlight f\u00fcr Unternehmen, Gewerbetreibende und Kaffeeliebhaber \u2013 und wir sind dabei! Vom 5. bis 7. sowie 10. bis 13. September 2025&#8230;<\/p>","protected":false},"author":1,"featured_media":15953,"comment_status":"open","ping_status":"open","sticky":false,"template":"","format":"standard","meta":{"inline_featured_image":false,"footnotes":""},"categories":[66],"tags":[],"class_list":["post-15947","post","type-post","status-publish","format-standard","has-post-thumbnail","hentry","category-allgemein"],"aioseo_notices":[],"_links":{"self":[{"href":"https:\/\/kaffeecenter.ch\/fr\/wp-json\/wp\/v2\/posts\/15947","targetHints":{"allow":["GET"]}}],"collection":[{"href":"https:\/\/kaffeecenter.ch\/fr\/wp-json\/wp\/v2\/posts"}],"about":[{"href":"https:\/\/kaffeecenter.ch\/fr\/wp-json\/wp\/v2\/types\/post"}],"author":[{"embeddable":true,"href":"https:\/\/kaffeecenter.ch\/fr\/wp-json\/wp\/v2\/users\/1"}],"replies":[{"embeddable":true,"href":"https:\/\/kaffeecenter.ch\/fr\/wp-json\/wp\/v2\/comments?post=15947"}],"version-history":[{"count":0,"href":"https:\/\/kaffeecenter.ch\/fr\/wp-json\/wp\/v2\/posts\/15947\/revisions"}],"wp:featuredmedia":[{"embeddable":true,"href":"https:\/\/kaffeecenter.ch\/fr\/wp-json\/wp\/v2\/media\/15953"}],"wp:attachment":[{"href":"https:\/\/kaffeecenter.ch\/fr\/wp-json\/wp\/v2\/media?parent=15947"}],"wp:term":[{"taxonomy":"category","embeddable":true,"href":"https:\/\/kaffeecenter.ch\/fr\/wp-json\/wp\/v2\/categories?post=15947"},{"taxonomy":"post_tag","embeddable":true,"href":"https:\/\/kaffeecenter.ch\/fr\/wp-json\/wp\/v2\/tags?post=15947"}],"curies":[{"name":"wp","href":"https:\/\/api.w.org\/{rel}","templated":true}]}}